{"id":7745,"date":"2009-11-02T10:56:15","date_gmt":"2009-11-02T10:56:15","guid":{"rendered":"http:\/\/uus.balther.net\/et\/?p=7745"},"modified":"2016-10-14T11:47:01","modified_gmt":"2016-10-14T11:47:01","slug":"alguse-sai-baltherneti-uritustesari-noortele","status":"publish","type":"post","link":"https:\/\/www.balther.net\/et\/alguse-sai-baltherneti-uritustesari-noortele\/","title":{"rendered":"Alguse sai BaltHerNeti \u00fcritustesari noortele"},"content":{"rendered":"<p>14. oktoobril 2009 kogunesid huvilised Eesti Rahva Muuseumi n\u00e4itusemajja Tartus, kus toimus esimene BaltHerNeti poolt noortele diasporaauurijatele korraldatud seminar.<!--more--><\/p>\n<p>BaltHerNeti noorteseminaride eesm\u00e4rgiks on tuua kokku erinevate valdkondade (ajalugu, sotsioloogia, kultuuriuuringud, kirjandus-, kunsti-, muusikateadus jt) noored diasporaa-uurijad: bakalaureuse-, magistri- ja doktori\u00f5ppe \u00fcli\u00f5pilased. Oodatud on aga needki \u00fcli\u00f5pilased, kes alles kavatsevad diasporaa uurimisega tegelema hakata.<\/p>\n<p>Seminari avas Piret Noorhani, tutvustades kohaletulnutele l\u00fchidalt BaltHerNeti tegevust ja eesm\u00e4rke. Seej\u00e4rel r\u00e4\u00e4kis Malle Ermel Tartu \u00dclikooli Raamatukogus leiduvast v\u00e4liseesti arhiivip\u00e4randist ja selgitas, kuidas on uurijal v\u00f5imalik talle vajaliku infoni j\u00f5uda.<\/p>\n<p>Huvitavate teemadega kostitasid kuulajaid ka \u00fcli\u00f5pilastest esinejad. Anni Marie Kunder Tallinna \u00dclikoolist tutvustas enda seminarit\u00f6\u00f6na valminud uurimust v\u00e4ljar\u00e4ndamise problemaatikast kodumaa ajakirjanduses (juhendaja J\u00fcri Viikberg). Eestlaste v\u00e4ljar\u00e4nde temaatikat k\u00e4sitleti 19. sajandi l\u00f5pul (1880-1885) ajakirjanduses ilmunud artiklite p\u00f5hjal.<\/p>\n<p>1920.-1930. aastatel Brasiiliasse r\u00e4nnanud eestlaste seltsitegevuse algusest r\u00e4\u00e4kis samuti Tallinna \u00dclikoolis \u00f5ppiv Sander J\u00fcrisson. Ettekanne v\u00f5ttis kokku tema 2009. aasta kevadel kaitstud bakalaureuset\u00f6\u00f6 tulemused (juhendaja Aivar J\u00fcrgenson).<\/p>\n<p>T\u00f5nis M\u00e4rtsoni ettekanne vaatles Balti riikide annekteerimise tunnustamist Austraalia poolt. P\u00f5nev teema p\u00f5hines ettekandja poolt sel kevadel Tartu \u00dclikoolis kaitstud magistrit\u00f6\u00f6l (juhendaja Eero Medijainen).<\/p>\n<p>Noored diasporaauurijad tutvustasid lisaks juba tehtud uurimust\u00f6\u00f6dele ka oma tulevikuplaane ning said publikuga tekkinud diskussiooni k\u00e4igus mitmeid h\u00e4id ideid edasiseks uurimistegevuseks.<\/p>\n<p>Avaseminarile on oodata j\u00e4rge 2010. aasta kevadtalvel. Lisaks seminaridele otsustati korraldada \u00f5ppek\u00e4ike diasporaa ajalooallikaid koguvatesse Eesti m\u00e4luasutustesse, et noortel uurijatel tekiks parem \u00fclevaade uurimist ootavatest materjalidest. BaltHerNeti noorter\u00fchm sai endale ka koordinaatori &#8211; Maarja Merivoo-Parro Tallinna Linnamuuseumist.<br \/>\n<em>Karin Kiisk<\/em><\/p>\n<p>&nbsp;<br \/>\n<strong>Teesid:<\/strong><br \/>\nMalle Ermel, <a href=\"http:\/\/www.balther.net\/wp-content\/uploads\/2016\/10\/Valis-Eesti_arhiivid_TURis.doc\" target=\"_blank\">V\u00e4lis-Eesti arhiivip\u00e4randid Tartu \u00dclikooli Raamatukogus<\/a><\/p>\n<p>Anni Marie Kunder, <a href=\"http:\/\/www.balther.net\/wp-content\/uploads\/2016\/10\/Kunder.doc\" target=\"_blank\">V\u00e4ljar\u00e4ndamise problemaatika kodumaa ajakirjanduses<\/a><\/p>\n<p>Sander J\u00fcrisson, <a href=\"http:\/\/www.balther.net\/wp-content\/uploads\/2016\/10\/Eestlaste_seltsitegevuse_algus_Brasiilia_suurlinnades1.doc\" target=\"_blank\">Eestlaste seltsitegevuse algus Brasiilia suurlinnades<\/a><\/p>\n<p>T\u00f5nis M\u00e4rtson, <a href=\"http:\/\/www.balther.net\/wp-content\/uploads\/2016\/10\/Tonis_Martson.doc\" target=\"_blank\">Balti riikide annekteerimise tunnustamine Austraalia poolt<\/a><\/p>\n<p>&nbsp;<br \/>\n<strong>PowerPoint:<\/strong><br \/>\n<a href=\"http:\/\/www.balther.net\/wp-content\/uploads\/2016\/10\/Ermel.ppt\">V\u00e4lis-Eesti arhiivip\u00e4randid Tartu \u00dclikooli Raamatukogus<\/a><\/p>\n<p><a href=\"http:\/\/www.balther.net\/wp-content\/uploads\/2016\/10\/Valjarandamise_problemaatika_kodumaa_ajakirjanduses.ETTEKANNE.ppt\">V\u00e4ljar\u00e4ndamise problemaatika kodumaa ajakirjanduses<\/a><\/p>\n<p><a href=\"http:\/\/www.balther.net\/wp-content\/uploads\/2016\/10\/Eestlaste_seltsitegevuse_algus_Brasiilia_suurlinnades.ppt\">Eestlaste seltsitegevuse algus Brasiilia suurlinnades<\/a><\/p>\n<p><a href=\"http:\/\/www.balther.net\/wp-content\/uploads\/2016\/10\/Balti_riikide_annekteerimine.ppt\">Balti riikide annekteerimise tunnustamine Austraalia poolt<\/a><\/p>\n<p>&nbsp;<\/p>\n<p>&nbsp;<\/p>\n<p><a href=\"http:\/\/www.balther.net\/et\/kroonika\/fotogaleriid\/2009-2\/baltherneti-noorteseminar-eesti-rahva-muuseumi-naitusemajas-14-oktoober\/\" target=\"_blank\"><strong>Vaata pilte<\/strong><\/a><\/p>\n<p>&nbsp;<\/p>\n<p>&nbsp;<\/p>\n","protected":false},"excerpt":{"rendered":"<p>14. oktoobril 2009 kogunesid huvilised Eesti Rahva Muuseumi n\u00e4itusemajja Tartus, kus toimus esimene BaltHerNeti poolt noortele diasporaauurijatele korraldatud seminar.<\/p>\n","protected":false},"author":5,"featured_media":0,"comment_status":"open","ping_status":"open","sticky":false,"template":"","format":"standard","meta":{"_acf_changed":false,"_monsterinsights_skip_tracking":false,"_monsterinsights_sitenote_active":false,"_monsterinsights_sitenote_note":"","_monsterinsights_sitenote_category":0,"ngg_post_thumbnail":0,"footnotes":""},"categories":[4],"class_list":["post-7745","post","type-post","status-publish","format-standard","hentry","category-uncategorized-et"],"acf":[],"yoast_head":"<!-- This site is optimized with the Yoast SEO plugin v24.2 - https:\/\/yoast.com\/wordpress\/plugins\/seo\/ -->\n<title>Alguse sai BaltHerNeti \u00fcritustesari noortele - BaltHerNet<\/title>\n<meta name=\"robots\" content=\"index, follow, max-snippet:-1, max-image-preview:large, max-video-preview:-1\" \/>\n<link rel=\"canonical\" href=\"https:\/\/www.balther.net\/et\/alguse-sai-baltherneti-uritustesari-noortele\/\" \/>\n<meta property=\"og:locale\" content=\"et_EE\" \/>\n<meta property=\"og:type\" content=\"article\" \/>\n<meta property=\"og:title\" content=\"Alguse sai BaltHerNeti \u00fcritustesari noortele - BaltHerNet\" \/>\n<meta property=\"og:description\" content=\"14. oktoobril 2009 kogunesid huvilised Eesti Rahva Muuseumi n\u00e4itusemajja Tartus, kus toimus esimene BaltHerNeti poolt noortele diasporaauurijatele korraldatud seminar.\" \/>\n<meta property=\"og:url\" content=\"https:\/\/www.balther.net\/et\/alguse-sai-baltherneti-uritustesari-noortele\/\" \/>\n<meta property=\"og:site_name\" content=\"BaltHerNet\" \/>\n<meta property=\"article:published_time\" content=\"2009-11-02T10:56:15+00:00\" \/>\n<meta property=\"article:modified_time\" content=\"2016-10-14T11:47:01+00:00\" \/>\n<meta name=\"author\" content=\"Karin Kiisk\" \/>\n<meta name=\"twitter:card\" content=\"summary_large_image\" \/>\n<meta name=\"twitter:label1\" content=\"Written by\" \/>\n\t<meta name=\"twitter:data1\" content=\"Karin Kiisk\" \/>\n\t<meta name=\"twitter:label2\" content=\"Est. reading time\" \/>\n\t<meta name=\"twitter:data2\" content=\"2 minutit\" \/>\n<script type=\"application\/ld+json\" class=\"yoast-schema-graph\">{\"@context\":\"https:\/\/schema.org\",\"@graph\":[{\"@type\":\"WebPage\",\"@id\":\"https:\/\/www.balther.net\/et\/alguse-sai-baltherneti-uritustesari-noortele\/\",\"url\":\"https:\/\/www.balther.net\/et\/alguse-sai-baltherneti-uritustesari-noortele\/\",\"name\":\"Alguse sai BaltHerNeti \u00fcritustesari noortele - BaltHerNet\",\"isPartOf\":{\"@id\":\"https:\/\/www.balther.net\/#website\"},\"datePublished\":\"2009-11-02T10:56:15+00:00\",\"dateModified\":\"2016-10-14T11:47:01+00:00\",\"author\":{\"@id\":\"https:\/\/www.balther.net\/#\/schema\/person\/d91ec0afadf5cdde7625c7217daa7dd3\"},\"breadcrumb\":{\"@id\":\"https:\/\/www.balther.net\/et\/alguse-sai-baltherneti-uritustesari-noortele\/#breadcrumb\"},\"inLanguage\":\"et\",\"potentialAction\":[{\"@type\":\"ReadAction\",\"target\":[\"https:\/\/www.balther.net\/et\/alguse-sai-baltherneti-uritustesari-noortele\/\"]}]},{\"@type\":\"BreadcrumbList\",\"@id\":\"https:\/\/www.balther.net\/et\/alguse-sai-baltherneti-uritustesari-noortele\/#breadcrumb\",\"itemListElement\":[{\"@type\":\"ListItem\",\"position\":1,\"name\":\"Home\",\"item\":\"https:\/\/www.balther.net\/et\/\"},{\"@type\":\"ListItem\",\"position\":2,\"name\":\"Alguse sai BaltHerNeti \u00fcritustesari noortele\"}]},{\"@type\":\"WebSite\",\"@id\":\"https:\/\/www.balther.net\/#website\",\"url\":\"https:\/\/www.balther.net\/\",\"name\":\"BaltHerNet\",\"description\":\"\",\"potentialAction\":[{\"@type\":\"SearchAction\",\"target\":{\"@type\":\"EntryPoint\",\"urlTemplate\":\"https:\/\/www.balther.net\/?s={search_term_string}\"},\"query-input\":{\"@type\":\"PropertyValueSpecification\",\"valueRequired\":true,\"valueName\":\"search_term_string\"}}],\"inLanguage\":\"et\"},{\"@type\":\"Person\",\"@id\":\"https:\/\/www.balther.net\/#\/schema\/person\/d91ec0afadf5cdde7625c7217daa7dd3\",\"name\":\"Karin Kiisk\",\"image\":{\"@type\":\"ImageObject\",\"inLanguage\":\"et\",\"@id\":\"https:\/\/www.balther.net\/#\/schema\/person\/image\/\",\"url\":\"https:\/\/secure.gravatar.com\/avatar\/2c4bebfb23ef4ee264e36dc5600c7a8b?s=96&d=mm&r=g\",\"contentUrl\":\"https:\/\/secure.gravatar.com\/avatar\/2c4bebfb23ef4ee264e36dc5600c7a8b?s=96&d=mm&r=g\",\"caption\":\"Karin Kiisk\"},\"url\":\"https:\/\/www.balther.net\/et\/author\/karin\/\"}]}<\/script>\n<!-- \/ Yoast SEO plugin. -->","yoast_head_json":{"title":"Alguse sai BaltHerNeti \u00fcritustesari noortele - BaltHerNet","robots":{"index":"index","follow":"follow","max-snippet":"max-snippet:-1","max-image-preview":"max-image-preview:large","max-video-preview":"max-video-preview:-1"},"canonical":"https:\/\/www.balther.net\/et\/alguse-sai-baltherneti-uritustesari-noortele\/","og_locale":"et_EE","og_type":"article","og_title":"Alguse sai BaltHerNeti \u00fcritustesari noortele - BaltHerNet","og_description":"14. oktoobril 2009 kogunesid huvilised Eesti Rahva Muuseumi n\u00e4itusemajja Tartus, kus toimus esimene BaltHerNeti poolt noortele diasporaauurijatele korraldatud seminar.","og_url":"https:\/\/www.balther.net\/et\/alguse-sai-baltherneti-uritustesari-noortele\/","og_site_name":"BaltHerNet","article_published_time":"2009-11-02T10:56:15+00:00","article_modified_time":"2016-10-14T11:47:01+00:00","author":"Karin Kiisk","twitter_card":"summary_large_image","twitter_misc":{"Written by":"Karin Kiisk","Est. reading time":"2 minutit"},"schema":{"@context":"https:\/\/schema.org","@graph":[{"@type":"WebPage","@id":"https:\/\/www.balther.net\/et\/alguse-sai-baltherneti-uritustesari-noortele\/","url":"https:\/\/www.balther.net\/et\/alguse-sai-baltherneti-uritustesari-noortele\/","name":"Alguse sai BaltHerNeti \u00fcritustesari noortele - BaltHerNet","isPartOf":{"@id":"https:\/\/www.balther.net\/#website"},"datePublished":"2009-11-02T10:56:15+00:00","dateModified":"2016-10-14T11:47:01+00:00","author":{"@id":"https:\/\/www.balther.net\/#\/schema\/person\/d91ec0afadf5cdde7625c7217daa7dd3"},"breadcrumb":{"@id":"https:\/\/www.balther.net\/et\/alguse-sai-baltherneti-uritustesari-noortele\/#breadcrumb"},"inLanguage":"et","potentialAction":[{"@type":"ReadAction","target":["https:\/\/www.balther.net\/et\/alguse-sai-baltherneti-uritustesari-noortele\/"]}]},{"@type":"BreadcrumbList","@id":"https:\/\/www.balther.net\/et\/alguse-sai-baltherneti-uritustesari-noortele\/#breadcrumb","itemListElement":[{"@type":"ListItem","position":1,"name":"Home","item":"https:\/\/www.balther.net\/et\/"},{"@type":"ListItem","position":2,"name":"Alguse sai BaltHerNeti \u00fcritustesari noortele"}]},{"@type":"WebSite","@id":"https:\/\/www.balther.net\/#website","url":"https:\/\/www.balther.net\/","name":"BaltHerNet","description":"","potentialAction":[{"@type":"SearchAction","target":{"@type":"EntryPoint","urlTemplate":"https:\/\/www.balther.net\/?s={search_term_string}"},"query-input":{"@type":"PropertyValueSpecification","valueRequired":true,"valueName":"search_term_string"}}],"inLanguage":"et"},{"@type":"Person","@id":"https:\/\/www.balther.net\/#\/schema\/person\/d91ec0afadf5cdde7625c7217daa7dd3","name":"Karin Kiisk","image":{"@type":"ImageObject","inLanguage":"et","@id":"https:\/\/www.balther.net\/#\/schema\/person\/image\/","url":"https:\/\/secure.gravatar.com\/avatar\/2c4bebfb23ef4ee264e36dc5600c7a8b?s=96&d=mm&r=g","contentUrl":"https:\/\/secure.gravatar.com\/avatar\/2c4bebfb23ef4ee264e36dc5600c7a8b?s=96&d=mm&r=g","caption":"Karin Kiisk"},"url":"https:\/\/www.balther.net\/et\/author\/karin\/"}]}},"_links":{"self":[{"href":"https:\/\/www.balther.net\/et\/wp-json\/wp\/v2\/posts\/7745","targetHints":{"allow":["GET"]}}],"collection":[{"href":"https:\/\/www.balther.net\/et\/wp-json\/wp\/v2\/posts"}],"about":[{"href":"https:\/\/www.balther.net\/et\/wp-json\/wp\/v2\/types\/post"}],"author":[{"embeddable":true,"href":"https:\/\/www.balther.net\/et\/wp-json\/wp\/v2\/users\/5"}],"replies":[{"embeddable":true,"href":"https:\/\/www.balther.net\/et\/wp-json\/wp\/v2\/comments?post=7745"}],"version-history":[{"count":2,"href":"https:\/\/www.balther.net\/et\/wp-json\/wp\/v2\/posts\/7745\/revisions"}],"predecessor-version":[{"id":7755,"href":"https:\/\/www.balther.net\/et\/wp-json\/wp\/v2\/posts\/7745\/revisions\/7755"}],"wp:attachment":[{"href":"https:\/\/www.balther.net\/et\/wp-json\/wp\/v2\/media?parent=7745"}],"wp:term":[{"taxonomy":"category","embeddable":true,"href":"https:\/\/www.balther.net\/et\/wp-json\/wp\/v2\/categories?post=7745"}],"curies":[{"name":"wp","href":"https:\/\/api.w.org\/{rel}","templated":true}]}}