{"id":5912,"date":"2009-11-06T12:34:55","date_gmt":"2009-11-06T12:34:55","guid":{"rendered":"http:\/\/uus.balther.net\/et\/?p=5912"},"modified":"2016-06-16T12:38:56","modified_gmt":"2016-06-16T12:38:56","slug":"eestlased-torontos-kuhu-ja-kuidas","status":"publish","type":"post","link":"https:\/\/www.balther.net\/et\/eestlased-torontos-kuhu-ja-kuidas\/","title":{"rendered":"Eestlased Torontos \u2013 kuhu ja kuidas"},"content":{"rendered":"<div class=\"page-header\">\n<p>S\u00fcgiskullasel p\u00fchap\u00e4eval, 1. novembril, toimus Tartu College&#8217;is Bibliograafia Klubi korraldusel ajakohane \u00fcritus, kus luubi alla v\u00f5eti meie kogukonna ees seisev monumentaalne k\u00fcsimus \u2014 kuidas toimida muutuvas maailmas. K\u00f5nelejateks olid kutsutud Toronto eesti kogukonna juhtivad tegelased ja arvamusliidrid, samuti \u00fcli\u00f5pilane Elli Kipper Toronto \u00dclikoolist.<\/p>\n<\/div>\n<p><!--more--><\/p>\n<p>&nbsp;<\/p>\n<p><a href=\"http:\/\/www.eesti.ca\/eestlased-torontos-kuhu-ja-kuidas\/article25860\" target=\"_blank\">Loe Eesti Elu\/Estonian World Review artiklit siit.<\/a><\/p>\n<div class=\"item-page\">\n<div>\n<p><a href=\"http:\/\/www.eesti.ca\/juhtkiri-aga-kes-parandaks-katust\/article25858\" target=\"_blank\">Loe Eesti Elu\/Estonian World Review artiklit siit.<\/a><\/p>\n<\/div>\n<\/div>\n","protected":false},"excerpt":{"rendered":"<p>S\u00fcgiskullasel p\u00fchap\u00e4eval, 1. novembril, toimus Tartu College&#8217;is Bibliograafia Klubi korraldusel ajakohane \u00fcritus, kus luubi alla v\u00f5eti meie kogukonna ees seisev monumentaalne k\u00fcsimus \u2014 kuidas toimida muutuvas maailmas. K\u00f5nelejateks olid kutsutud Toronto eesti kogukonna juhtivad tegelased ja arvamusliidrid, samuti \u00fcli\u00f5pilane Elli Kipper Toronto \u00dclikoolist.<\/p>\n","protected":false},"author":7,"featured_media":0,"comment_status":"open","ping_status":"open","sticky":false,"template":"","format":"standard","meta":{"_acf_changed":false,"_monsterinsights_skip_tracking":false,"_monsterinsights_sitenote_active":false,"_monsterinsights_sitenote_note":"","_monsterinsights_sitenote_category":0,"ngg_post_thumbnail":0,"footnotes":""},"categories":[4],"class_list":["post-5912","post","type-post","status-publish","format-standard","hentry","category-uncategorized-et"],"acf":[],"yoast_head":"<!-- This site is optimized with the Yoast SEO plugin v24.2 - https:\/\/yoast.com\/wordpress\/plugins\/seo\/ -->\n<title>Eestlased Torontos \u2013 kuhu ja kuidas - BaltHerNet<\/title>\n<meta name=\"robots\" content=\"index, follow, max-snippet:-1, max-image-preview:large, max-video-preview:-1\" \/>\n<link rel=\"canonical\" href=\"https:\/\/www.balther.net\/et\/eestlased-torontos-kuhu-ja-kuidas\/\" \/>\n<meta property=\"og:locale\" content=\"et_EE\" \/>\n<meta property=\"og:type\" content=\"article\" \/>\n<meta property=\"og:title\" content=\"Eestlased Torontos \u2013 kuhu ja kuidas - BaltHerNet\" \/>\n<meta property=\"og:description\" content=\"S\u00fcgiskullasel p\u00fchap\u00e4eval, 1. novembril, toimus Tartu College&#8217;is Bibliograafia Klubi korraldusel ajakohane \u00fcritus, kus luubi alla v\u00f5eti meie kogukonna ees seisev monumentaalne k\u00fcsimus \u2014 kuidas toimida muutuvas maailmas. K\u00f5nelejateks olid kutsutud Toronto eesti kogukonna juhtivad tegelased ja arvamusliidrid, samuti \u00fcli\u00f5pilane Elli Kipper Toronto \u00dclikoolist.\" \/>\n<meta property=\"og:url\" content=\"https:\/\/www.balther.net\/et\/eestlased-torontos-kuhu-ja-kuidas\/\" \/>\n<meta property=\"og:site_name\" content=\"BaltHerNet\" \/>\n<meta property=\"article:published_time\" content=\"2009-11-06T12:34:55+00:00\" \/>\n<meta property=\"article:modified_time\" content=\"2016-06-16T12:38:56+00:00\" \/>\n<meta name=\"author\" content=\"Kadi Kuivits\" \/>\n<meta name=\"twitter:card\" content=\"summary_large_image\" \/>\n<meta name=\"twitter:label1\" content=\"Written by\" \/>\n\t<meta name=\"twitter:data1\" content=\"Kadi Kuivits\" \/>\n<script type=\"application\/ld+json\" class=\"yoast-schema-graph\">{\"@context\":\"https:\/\/schema.org\",\"@graph\":[{\"@type\":\"WebPage\",\"@id\":\"https:\/\/www.balther.net\/et\/eestlased-torontos-kuhu-ja-kuidas\/\",\"url\":\"https:\/\/www.balther.net\/et\/eestlased-torontos-kuhu-ja-kuidas\/\",\"name\":\"Eestlased Torontos \u2013 kuhu ja kuidas - BaltHerNet\",\"isPartOf\":{\"@id\":\"https:\/\/www.balther.net\/#website\"},\"datePublished\":\"2009-11-06T12:34:55+00:00\",\"dateModified\":\"2016-06-16T12:38:56+00:00\",\"author\":{\"@id\":\"https:\/\/www.balther.net\/#\/schema\/person\/c02a38ca30da43ccad26426e8fb0931d\"},\"breadcrumb\":{\"@id\":\"https:\/\/www.balther.net\/et\/eestlased-torontos-kuhu-ja-kuidas\/#breadcrumb\"},\"inLanguage\":\"et\",\"potentialAction\":[{\"@type\":\"ReadAction\",\"target\":[\"https:\/\/www.balther.net\/et\/eestlased-torontos-kuhu-ja-kuidas\/\"]}]},{\"@type\":\"BreadcrumbList\",\"@id\":\"https:\/\/www.balther.net\/et\/eestlased-torontos-kuhu-ja-kuidas\/#breadcrumb\",\"itemListElement\":[{\"@type\":\"ListItem\",\"position\":1,\"name\":\"Home\",\"item\":\"https:\/\/www.balther.net\/et\/\"},{\"@type\":\"ListItem\",\"position\":2,\"name\":\"Eestlased Torontos \u2013 kuhu ja kuidas\"}]},{\"@type\":\"WebSite\",\"@id\":\"https:\/\/www.balther.net\/#website\",\"url\":\"https:\/\/www.balther.net\/\",\"name\":\"BaltHerNet\",\"description\":\"\",\"potentialAction\":[{\"@type\":\"SearchAction\",\"target\":{\"@type\":\"EntryPoint\",\"urlTemplate\":\"https:\/\/www.balther.net\/?s={search_term_string}\"},\"query-input\":{\"@type\":\"PropertyValueSpecification\",\"valueRequired\":true,\"valueName\":\"search_term_string\"}}],\"inLanguage\":\"et\"},{\"@type\":\"Person\",\"@id\":\"https:\/\/www.balther.net\/#\/schema\/person\/c02a38ca30da43ccad26426e8fb0931d\",\"name\":\"Kadi Kuivits\",\"image\":{\"@type\":\"ImageObject\",\"inLanguage\":\"et\",\"@id\":\"https:\/\/www.balther.net\/#\/schema\/person\/image\/\",\"url\":\"https:\/\/secure.gravatar.com\/avatar\/22bd94b90061b1619759b3fdfdb5ec31?s=96&d=mm&r=g\",\"contentUrl\":\"https:\/\/secure.gravatar.com\/avatar\/22bd94b90061b1619759b3fdfdb5ec31?s=96&d=mm&r=g\",\"caption\":\"Kadi Kuivits\"},\"url\":\"https:\/\/www.balther.net\/et\/author\/kadi\/\"}]}<\/script>\n<!-- \/ Yoast SEO plugin. -->","yoast_head_json":{"title":"Eestlased Torontos \u2013 kuhu ja kuidas - BaltHerNet","robots":{"index":"index","follow":"follow","max-snippet":"max-snippet:-1","max-image-preview":"max-image-preview:large","max-video-preview":"max-video-preview:-1"},"canonical":"https:\/\/www.balther.net\/et\/eestlased-torontos-kuhu-ja-kuidas\/","og_locale":"et_EE","og_type":"article","og_title":"Eestlased Torontos \u2013 kuhu ja kuidas - BaltHerNet","og_description":"S\u00fcgiskullasel p\u00fchap\u00e4eval, 1. novembril, toimus Tartu College&#8217;is Bibliograafia Klubi korraldusel ajakohane \u00fcritus, kus luubi alla v\u00f5eti meie kogukonna ees seisev monumentaalne k\u00fcsimus \u2014 kuidas toimida muutuvas maailmas. K\u00f5nelejateks olid kutsutud Toronto eesti kogukonna juhtivad tegelased ja arvamusliidrid, samuti \u00fcli\u00f5pilane Elli Kipper Toronto \u00dclikoolist.","og_url":"https:\/\/www.balther.net\/et\/eestlased-torontos-kuhu-ja-kuidas\/","og_site_name":"BaltHerNet","article_published_time":"2009-11-06T12:34:55+00:00","article_modified_time":"2016-06-16T12:38:56+00:00","author":"Kadi Kuivits","twitter_card":"summary_large_image","twitter_misc":{"Written by":"Kadi Kuivits"},"schema":{"@context":"https:\/\/schema.org","@graph":[{"@type":"WebPage","@id":"https:\/\/www.balther.net\/et\/eestlased-torontos-kuhu-ja-kuidas\/","url":"https:\/\/www.balther.net\/et\/eestlased-torontos-kuhu-ja-kuidas\/","name":"Eestlased Torontos \u2013 kuhu ja kuidas - BaltHerNet","isPartOf":{"@id":"https:\/\/www.balther.net\/#website"},"datePublished":"2009-11-06T12:34:55+00:00","dateModified":"2016-06-16T12:38:56+00:00","author":{"@id":"https:\/\/www.balther.net\/#\/schema\/person\/c02a38ca30da43ccad26426e8fb0931d"},"breadcrumb":{"@id":"https:\/\/www.balther.net\/et\/eestlased-torontos-kuhu-ja-kuidas\/#breadcrumb"},"inLanguage":"et","potentialAction":[{"@type":"ReadAction","target":["https:\/\/www.balther.net\/et\/eestlased-torontos-kuhu-ja-kuidas\/"]}]},{"@type":"BreadcrumbList","@id":"https:\/\/www.balther.net\/et\/eestlased-torontos-kuhu-ja-kuidas\/#breadcrumb","itemListElement":[{"@type":"ListItem","position":1,"name":"Home","item":"https:\/\/www.balther.net\/et\/"},{"@type":"ListItem","position":2,"name":"Eestlased Torontos \u2013 kuhu ja kuidas"}]},{"@type":"WebSite","@id":"https:\/\/www.balther.net\/#website","url":"https:\/\/www.balther.net\/","name":"BaltHerNet","description":"","potentialAction":[{"@type":"SearchAction","target":{"@type":"EntryPoint","urlTemplate":"https:\/\/www.balther.net\/?s={search_term_string}"},"query-input":{"@type":"PropertyValueSpecification","valueRequired":true,"valueName":"search_term_string"}}],"inLanguage":"et"},{"@type":"Person","@id":"https:\/\/www.balther.net\/#\/schema\/person\/c02a38ca30da43ccad26426e8fb0931d","name":"Kadi Kuivits","image":{"@type":"ImageObject","inLanguage":"et","@id":"https:\/\/www.balther.net\/#\/schema\/person\/image\/","url":"https:\/\/secure.gravatar.com\/avatar\/22bd94b90061b1619759b3fdfdb5ec31?s=96&d=mm&r=g","contentUrl":"https:\/\/secure.gravatar.com\/avatar\/22bd94b90061b1619759b3fdfdb5ec31?s=96&d=mm&r=g","caption":"Kadi Kuivits"},"url":"https:\/\/www.balther.net\/et\/author\/kadi\/"}]}},"_links":{"self":[{"href":"https:\/\/www.balther.net\/et\/wp-json\/wp\/v2\/posts\/5912","targetHints":{"allow":["GET"]}}],"collection":[{"href":"https:\/\/www.balther.net\/et\/wp-json\/wp\/v2\/posts"}],"about":[{"href":"https:\/\/www.balther.net\/et\/wp-json\/wp\/v2\/types\/post"}],"author":[{"embeddable":true,"href":"https:\/\/www.balther.net\/et\/wp-json\/wp\/v2\/users\/7"}],"replies":[{"embeddable":true,"href":"https:\/\/www.balther.net\/et\/wp-json\/wp\/v2\/comments?post=5912"}],"version-history":[{"count":4,"href":"https:\/\/www.balther.net\/et\/wp-json\/wp\/v2\/posts\/5912\/revisions"}],"predecessor-version":[{"id":5918,"href":"https:\/\/www.balther.net\/et\/wp-json\/wp\/v2\/posts\/5912\/revisions\/5918"}],"wp:attachment":[{"href":"https:\/\/www.balther.net\/et\/wp-json\/wp\/v2\/media?parent=5912"}],"wp:term":[{"taxonomy":"category","embeddable":true,"href":"https:\/\/www.balther.net\/et\/wp-json\/wp\/v2\/categories?post=5912"}],"curies":[{"name":"wp","href":"https:\/\/api.w.org\/{rel}","templated":true}]}}