{"id":2291,"date":"2010-06-28T10:02:26","date_gmt":"2010-06-28T10:02:26","guid":{"rendered":"http:\/\/uus.balther.net\/et\/?p=2291"},"modified":"2016-01-10T10:06:27","modified_gmt":"2016-01-10T10:06:27","slug":"baltherneti-suvekool-eesti-kultuuriparand-voorsil-iii","status":"publish","type":"post","link":"https:\/\/www.balther.net\/et\/baltherneti-suvekool-eesti-kultuuriparand-voorsil-iii\/","title":{"rendered":"BaltHerNeti suvekool \u201eEesti kultuurip\u00e4rand v\u00f5\u00f5rsil. III\u201c"},"content":{"rendered":"<p>&nbsp;<\/p>\n<p>28. juunil algas Viljandis Eesti P\u00e4rimusmuusika Keskuses 3. BaltHerNeti suvekool \u201eEesti kultuurip\u00e4rand v\u00f5\u00f5rsil\u201c.<!--more--><\/p>\n<p>Suvekool toimub 28. juunist kuni 2. juulini Viljandis ja Heimtalis. Oma teadmisi arhiivindusest, raamatukogundusest ja museoloogiast jagavad Viljandi, Tartu ja Tallinna m\u00e4luasutuste spetsialistid. \u00dcrituse korraldab MT\u00dc Baltic Heritage Network Eesti t\u00f6\u00f6r\u00fchm koost\u00f6\u00f6s Viljandi P\u00e4rimusmuusika Keskuse, Viljandi Raamatukogu, Viljandi Muuseumi, Eesti Kirjandusmuuseumi, Rahvusarhiivi ja Eesti Rahva Muuseumi Heimtali Koduloomuuseumiga. \u00dcritust toetab Rahvuskaaslaste programm (Haridus- ja Teadusministeerium).<\/p>\n<p>T\u00e4naseks on toimunud kaks Baltic Heritage Network`i suvekooli: esimene 2007 augustis V\u00f5rumaal Kokel, teine 2008 juunis K\u00e4smus. BaltHerNeti suvekoolid on m\u00f5eldud v\u00f5\u00f5rsil elavatele eestlastele, kes tegelevad Eesti diasporaa kultuurip\u00e4randi kogumise ja s\u00e4ilitamisega. Suvekoolides osalevad v\u00e4liseesti arhiivides t\u00f6\u00f6tavad vabatahtlikud ja teised kultuurip\u00e4randi kogumisest ning s\u00e4ilitamisest huvitatud Eesti kogukondade liikmed k\u00f5ikjalt maailmast. Toimuvad loengud, koolitused ja praktilised \u00f5ppused, diskussioonid ja arutelud.<\/p>\n<p>Suvekooli viimasel, nn vaba foorumi p\u00e4eval saavad s\u00f5nav\u00f5ttudega \u00fcles astuda k\u00f5ik, kes v\u00e4liseesti kultuurip\u00e4randi s\u00e4ilitamisega tegelevad v\u00f5i selle saatusest huvitatud on.<\/p>\n<p>&nbsp;<\/p>\n<p>Info: <a href=\"http:\/\/suvekool.balther.net\/10810\" target=\"_blank\">http:\/\/suvekool.balther.net\/10810<\/a><\/p>\n<p><span style=\"color: #333399;\">piretnoorhani[at]gmail.com<\/span>, t. +372 55 608 998<br \/>\n<span style=\"color: #333399;\">karin.kiisk[at]gmail.com<\/span>, t. +372 55 544 269<\/p>\n<p>&nbsp;<\/p>\n<p>&nbsp;<\/p>\n","protected":false},"excerpt":{"rendered":"<p>&nbsp; 28. juunil algas Viljandis Eesti P\u00e4rimusmuusika Keskuses 3. BaltHerNeti suvekool \u201eEesti kultuurip\u00e4rand v\u00f5\u00f5rsil\u201c.<\/p>\n","protected":false},"author":5,"featured_media":0,"comment_status":"open","ping_status":"open","sticky":false,"template":"","format":"standard","meta":{"_acf_changed":false,"_monsterinsights_skip_tracking":false,"_monsterinsights_sitenote_active":false,"_monsterinsights_sitenote_note":"","_monsterinsights_sitenote_category":0,"ngg_post_thumbnail":0,"footnotes":""},"categories":[4],"class_list":["post-2291","post","type-post","status-publish","format-standard","hentry","category-uncategorized-et"],"acf":[],"yoast_head":"<!-- This site is optimized with the Yoast SEO plugin v24.2 - https:\/\/yoast.com\/wordpress\/plugins\/seo\/ -->\n<title>BaltHerNeti suvekool \u201eEesti kultuurip\u00e4rand v\u00f5\u00f5rsil. III\u201c - BaltHerNet<\/title>\n<meta name=\"robots\" content=\"index, follow, max-snippet:-1, max-image-preview:large, max-video-preview:-1\" \/>\n<link rel=\"canonical\" href=\"https:\/\/www.balther.net\/et\/baltherneti-suvekool-eesti-kultuuriparand-voorsil-iii\/\" \/>\n<meta property=\"og:locale\" content=\"et_EE\" \/>\n<meta property=\"og:type\" content=\"article\" \/>\n<meta property=\"og:title\" content=\"BaltHerNeti suvekool \u201eEesti kultuurip\u00e4rand v\u00f5\u00f5rsil. III\u201c - BaltHerNet\" \/>\n<meta property=\"og:description\" content=\"&nbsp; 28. juunil algas Viljandis Eesti P\u00e4rimusmuusika Keskuses 3. BaltHerNeti suvekool \u201eEesti kultuurip\u00e4rand v\u00f5\u00f5rsil\u201c.\" \/>\n<meta property=\"og:url\" content=\"https:\/\/www.balther.net\/et\/baltherneti-suvekool-eesti-kultuuriparand-voorsil-iii\/\" \/>\n<meta property=\"og:site_name\" content=\"BaltHerNet\" \/>\n<meta property=\"article:published_time\" content=\"2010-06-28T10:02:26+00:00\" \/>\n<meta property=\"article:modified_time\" content=\"2016-01-10T10:06:27+00:00\" \/>\n<meta name=\"author\" content=\"Karin Kiisk\" \/>\n<meta name=\"twitter:card\" content=\"summary_large_image\" \/>\n<meta name=\"twitter:label1\" content=\"Written by\" \/>\n\t<meta name=\"twitter:data1\" content=\"Karin Kiisk\" \/>\n\t<meta name=\"twitter:label2\" content=\"Est. reading time\" \/>\n\t<meta name=\"twitter:data2\" content=\"1 minut\" \/>\n<script type=\"application\/ld+json\" class=\"yoast-schema-graph\">{\"@context\":\"https:\/\/schema.org\",\"@graph\":[{\"@type\":\"WebPage\",\"@id\":\"https:\/\/www.balther.net\/et\/baltherneti-suvekool-eesti-kultuuriparand-voorsil-iii\/\",\"url\":\"https:\/\/www.balther.net\/et\/baltherneti-suvekool-eesti-kultuuriparand-voorsil-iii\/\",\"name\":\"BaltHerNeti suvekool \u201eEesti kultuurip\u00e4rand v\u00f5\u00f5rsil. III\u201c - BaltHerNet\",\"isPartOf\":{\"@id\":\"https:\/\/www.balther.net\/#website\"},\"datePublished\":\"2010-06-28T10:02:26+00:00\",\"dateModified\":\"2016-01-10T10:06:27+00:00\",\"author\":{\"@id\":\"https:\/\/www.balther.net\/#\/schema\/person\/d91ec0afadf5cdde7625c7217daa7dd3\"},\"breadcrumb\":{\"@id\":\"https:\/\/www.balther.net\/et\/baltherneti-suvekool-eesti-kultuuriparand-voorsil-iii\/#breadcrumb\"},\"inLanguage\":\"et\",\"potentialAction\":[{\"@type\":\"ReadAction\",\"target\":[\"https:\/\/www.balther.net\/et\/baltherneti-suvekool-eesti-kultuuriparand-voorsil-iii\/\"]}]},{\"@type\":\"BreadcrumbList\",\"@id\":\"https:\/\/www.balther.net\/et\/baltherneti-suvekool-eesti-kultuuriparand-voorsil-iii\/#breadcrumb\",\"itemListElement\":[{\"@type\":\"ListItem\",\"position\":1,\"name\":\"Home\",\"item\":\"https:\/\/www.balther.net\/et\/\"},{\"@type\":\"ListItem\",\"position\":2,\"name\":\"BaltHerNeti suvekool \u201eEesti kultuurip\u00e4rand v\u00f5\u00f5rsil. III\u201c\"}]},{\"@type\":\"WebSite\",\"@id\":\"https:\/\/www.balther.net\/#website\",\"url\":\"https:\/\/www.balther.net\/\",\"name\":\"BaltHerNet\",\"description\":\"\",\"potentialAction\":[{\"@type\":\"SearchAction\",\"target\":{\"@type\":\"EntryPoint\",\"urlTemplate\":\"https:\/\/www.balther.net\/?s={search_term_string}\"},\"query-input\":{\"@type\":\"PropertyValueSpecification\",\"valueRequired\":true,\"valueName\":\"search_term_string\"}}],\"inLanguage\":\"et\"},{\"@type\":\"Person\",\"@id\":\"https:\/\/www.balther.net\/#\/schema\/person\/d91ec0afadf5cdde7625c7217daa7dd3\",\"name\":\"Karin Kiisk\",\"image\":{\"@type\":\"ImageObject\",\"inLanguage\":\"et\",\"@id\":\"https:\/\/www.balther.net\/#\/schema\/person\/image\/\",\"url\":\"https:\/\/secure.gravatar.com\/avatar\/2c4bebfb23ef4ee264e36dc5600c7a8b?s=96&d=mm&r=g\",\"contentUrl\":\"https:\/\/secure.gravatar.com\/avatar\/2c4bebfb23ef4ee264e36dc5600c7a8b?s=96&d=mm&r=g\",\"caption\":\"Karin Kiisk\"},\"url\":\"https:\/\/www.balther.net\/et\/author\/karin\/\"}]}<\/script>\n<!-- \/ Yoast SEO plugin. -->","yoast_head_json":{"title":"BaltHerNeti suvekool \u201eEesti kultuurip\u00e4rand v\u00f5\u00f5rsil. III\u201c - BaltHerNet","robots":{"index":"index","follow":"follow","max-snippet":"max-snippet:-1","max-image-preview":"max-image-preview:large","max-video-preview":"max-video-preview:-1"},"canonical":"https:\/\/www.balther.net\/et\/baltherneti-suvekool-eesti-kultuuriparand-voorsil-iii\/","og_locale":"et_EE","og_type":"article","og_title":"BaltHerNeti suvekool \u201eEesti kultuurip\u00e4rand v\u00f5\u00f5rsil. III\u201c - BaltHerNet","og_description":"&nbsp; 28. juunil algas Viljandis Eesti P\u00e4rimusmuusika Keskuses 3. BaltHerNeti suvekool \u201eEesti kultuurip\u00e4rand v\u00f5\u00f5rsil\u201c.","og_url":"https:\/\/www.balther.net\/et\/baltherneti-suvekool-eesti-kultuuriparand-voorsil-iii\/","og_site_name":"BaltHerNet","article_published_time":"2010-06-28T10:02:26+00:00","article_modified_time":"2016-01-10T10:06:27+00:00","author":"Karin Kiisk","twitter_card":"summary_large_image","twitter_misc":{"Written by":"Karin Kiisk","Est. reading time":"1 minut"},"schema":{"@context":"https:\/\/schema.org","@graph":[{"@type":"WebPage","@id":"https:\/\/www.balther.net\/et\/baltherneti-suvekool-eesti-kultuuriparand-voorsil-iii\/","url":"https:\/\/www.balther.net\/et\/baltherneti-suvekool-eesti-kultuuriparand-voorsil-iii\/","name":"BaltHerNeti suvekool \u201eEesti kultuurip\u00e4rand v\u00f5\u00f5rsil. III\u201c - BaltHerNet","isPartOf":{"@id":"https:\/\/www.balther.net\/#website"},"datePublished":"2010-06-28T10:02:26+00:00","dateModified":"2016-01-10T10:06:27+00:00","author":{"@id":"https:\/\/www.balther.net\/#\/schema\/person\/d91ec0afadf5cdde7625c7217daa7dd3"},"breadcrumb":{"@id":"https:\/\/www.balther.net\/et\/baltherneti-suvekool-eesti-kultuuriparand-voorsil-iii\/#breadcrumb"},"inLanguage":"et","potentialAction":[{"@type":"ReadAction","target":["https:\/\/www.balther.net\/et\/baltherneti-suvekool-eesti-kultuuriparand-voorsil-iii\/"]}]},{"@type":"BreadcrumbList","@id":"https:\/\/www.balther.net\/et\/baltherneti-suvekool-eesti-kultuuriparand-voorsil-iii\/#breadcrumb","itemListElement":[{"@type":"ListItem","position":1,"name":"Home","item":"https:\/\/www.balther.net\/et\/"},{"@type":"ListItem","position":2,"name":"BaltHerNeti suvekool \u201eEesti kultuurip\u00e4rand v\u00f5\u00f5rsil. III\u201c"}]},{"@type":"WebSite","@id":"https:\/\/www.balther.net\/#website","url":"https:\/\/www.balther.net\/","name":"BaltHerNet","description":"","potentialAction":[{"@type":"SearchAction","target":{"@type":"EntryPoint","urlTemplate":"https:\/\/www.balther.net\/?s={search_term_string}"},"query-input":{"@type":"PropertyValueSpecification","valueRequired":true,"valueName":"search_term_string"}}],"inLanguage":"et"},{"@type":"Person","@id":"https:\/\/www.balther.net\/#\/schema\/person\/d91ec0afadf5cdde7625c7217daa7dd3","name":"Karin Kiisk","image":{"@type":"ImageObject","inLanguage":"et","@id":"https:\/\/www.balther.net\/#\/schema\/person\/image\/","url":"https:\/\/secure.gravatar.com\/avatar\/2c4bebfb23ef4ee264e36dc5600c7a8b?s=96&d=mm&r=g","contentUrl":"https:\/\/secure.gravatar.com\/avatar\/2c4bebfb23ef4ee264e36dc5600c7a8b?s=96&d=mm&r=g","caption":"Karin Kiisk"},"url":"https:\/\/www.balther.net\/et\/author\/karin\/"}]}},"_links":{"self":[{"href":"https:\/\/www.balther.net\/et\/wp-json\/wp\/v2\/posts\/2291","targetHints":{"allow":["GET"]}}],"collection":[{"href":"https:\/\/www.balther.net\/et\/wp-json\/wp\/v2\/posts"}],"about":[{"href":"https:\/\/www.balther.net\/et\/wp-json\/wp\/v2\/types\/post"}],"author":[{"embeddable":true,"href":"https:\/\/www.balther.net\/et\/wp-json\/wp\/v2\/users\/5"}],"replies":[{"embeddable":true,"href":"https:\/\/www.balther.net\/et\/wp-json\/wp\/v2\/comments?post=2291"}],"version-history":[{"count":1,"href":"https:\/\/www.balther.net\/et\/wp-json\/wp\/v2\/posts\/2291\/revisions"}],"predecessor-version":[{"id":2292,"href":"https:\/\/www.balther.net\/et\/wp-json\/wp\/v2\/posts\/2291\/revisions\/2292"}],"wp:attachment":[{"href":"https:\/\/www.balther.net\/et\/wp-json\/wp\/v2\/media?parent=2291"}],"wp:term":[{"taxonomy":"category","embeddable":true,"href":"https:\/\/www.balther.net\/et\/wp-json\/wp\/v2\/categories?post=2291"}],"curies":[{"name":"wp","href":"https:\/\/api.w.org\/{rel}","templated":true}]}}